{"id":788,"date":"2025-05-20T17:21:43","date_gmt":"2025-05-20T20:21:43","guid":{"rendered":"https:\/\/radiotalcahuano.cl\/radio\/?p=788"},"modified":"2025-05-20T17:22:12","modified_gmt":"2025-05-20T20:22:12","slug":"foco-en-medidas-anticorrupcion-la-peticion-inicial-del-oficialismo-para-la-ultima-cuenta-publica","status":"publish","type":"post","link":"https:\/\/radiotalcahuano.cl\/radio\/index.php\/2025\/05\/20\/foco-en-medidas-anticorrupcion-la-peticion-inicial-del-oficialismo-para-la-ultima-cuenta-publica\/","title":{"rendered":"Foco en medidas anticorrupci\u00f3n: la petici\u00f3n inicial del oficialismo para la \u00faltima Cuenta P\u00fablica"},"content":{"rendered":"\n<figure class=\"wp-block-image size-full\"><img loading=\"lazy\" decoding=\"async\" width=\"361\" height=\"238\" src=\"https:\/\/radiotalcahuano.cl\/radio\/wp-content\/uploads\/2025\/05\/Captura-de-Pantalla-2025-05-20-a-las-16.18.57.png\" alt=\"\" class=\"wp-image-789\" srcset=\"https:\/\/radiotalcahuano.cl\/radio\/wp-content\/uploads\/2025\/05\/Captura-de-Pantalla-2025-05-20-a-las-16.18.57.png 361w, https:\/\/radiotalcahuano.cl\/radio\/wp-content\/uploads\/2025\/05\/Captura-de-Pantalla-2025-05-20-a-las-16.18.57-300x198.png 300w\" sizes=\"auto, (max-width: 361px) 100vw, 361px\" \/><\/figure>\n\n\n\n<p class=\"has-medium-font-size\">Mostrar una actitud proactiva<\/p>\n\n\n\n<p class=\"has-medium-font-size\">y no extender las consecuencias de ProCultura<\/p>\n\n\n\n<p><\/p>\n\n\n\n<p class=\"has-medium-font-size\"> hasta el punto que impacte en las presidenciales,<\/p>\n\n\n\n<p><\/p>\n\n\n\n<p class=\"has-medium-font-size\"> son parte de los factores. \u201cSer\u00eda una decisi\u00f3n no solamente valorada por la ciudadan\u00eda\u201d, <\/p>\n\n\n\n<p><\/p>\n\n\n\n<p class=\"has-medium-font-size\">dijo el diputado Santana (PS).<\/p>\n","protected":false},"excerpt":{"rendered":"<p>Mostrar una actitud proactiva y no extender las consecuencias de ProCultura hasta el punto que impacte en las presidenciales, son parte de los factores. \u201cSer\u00eda una decisi\u00f3n no solamente valorada por la ciudadan\u00eda\u201d, dijo el diputado Santana (PS).<\/p>\n","protected":false},"author":1,"featured_media":0,"comment_status":"open","ping_status":"closed","sticky":false,"template":"","format":"standard","meta":{"footnotes":""},"categories":[1],"tags":[],"class_list":["post-788","post","type-post","status-publish","format-standard","hentry","category-sin-categoria"],"_links":{"self":[{"href":"https:\/\/radiotalcahuano.cl\/radio\/index.php\/wp-json\/wp\/v2\/posts\/788","targetHints":{"allow":["GET"]}}],"collection":[{"href":"https:\/\/radiotalcahuano.cl\/radio\/index.php\/wp-json\/wp\/v2\/posts"}],"about":[{"href":"https:\/\/radiotalcahuano.cl\/radio\/index.php\/wp-json\/wp\/v2\/types\/post"}],"author":[{"embeddable":true,"href":"https:\/\/radiotalcahuano.cl\/radio\/index.php\/wp-json\/wp\/v2\/users\/1"}],"replies":[{"embeddable":true,"href":"https:\/\/radiotalcahuano.cl\/radio\/index.php\/wp-json\/wp\/v2\/comments?post=788"}],"version-history":[{"count":2,"href":"https:\/\/radiotalcahuano.cl\/radio\/index.php\/wp-json\/wp\/v2\/posts\/788\/revisions"}],"predecessor-version":[{"id":791,"href":"https:\/\/radiotalcahuano.cl\/radio\/index.php\/wp-json\/wp\/v2\/posts\/788\/revisions\/791"}],"wp:attachment":[{"href":"https:\/\/radiotalcahuano.cl\/radio\/index.php\/wp-json\/wp\/v2\/media?parent=788"}],"wp:term":[{"taxonomy":"category","embeddable":true,"href":"https:\/\/radiotalcahuano.cl\/radio\/index.php\/wp-json\/wp\/v2\/categories?post=788"},{"taxonomy":"post_tag","embeddable":true,"href":"https:\/\/radiotalcahuano.cl\/radio\/index.php\/wp-json\/wp\/v2\/tags?post=788"}],"curies":[{"name":"wp","href":"https:\/\/api.w.org\/{rel}","templated":true}]}}