{"id":769,"date":"2025-05-20T17:05:16","date_gmt":"2025-05-20T20:05:16","guid":{"rendered":"https:\/\/radiotalcahuano.cl\/radio\/?p=769"},"modified":"2025-05-20T17:06:19","modified_gmt":"2025-05-20T20:06:19","slug":"presidente-boric","status":"publish","type":"post","link":"https:\/\/radiotalcahuano.cl\/radio\/index.php\/2025\/05\/20\/presidente-boric\/","title":{"rendered":"PRESIDENTE BORIC"},"content":{"rendered":"\n<figure class=\"wp-block-image size-full is-resized\"><img loading=\"lazy\" decoding=\"async\" width=\"359\" height=\"242\" src=\"https:\/\/radiotalcahuano.cl\/radio\/wp-content\/uploads\/2025\/05\/Captura-de-Pantalla-2025-05-20-a-las-16.02.33.png\" alt=\"\" class=\"wp-image-770\" style=\"width:304px;height:auto\" srcset=\"https:\/\/radiotalcahuano.cl\/radio\/wp-content\/uploads\/2025\/05\/Captura-de-Pantalla-2025-05-20-a-las-16.02.33.png 359w, https:\/\/radiotalcahuano.cl\/radio\/wp-content\/uploads\/2025\/05\/Captura-de-Pantalla-2025-05-20-a-las-16.02.33-300x202.png 300w\" sizes=\"auto, (max-width: 359px) 100vw, 359px\" \/><\/figure>\n\n\n\n<p class=\"has-medium-font-size\">El<strong>\u00a0Presidente Gabriel Boric<\/strong><\/p>\n\n\n\n<p class=\"has-medium-font-size\">\u00a0encabez\u00f3 este martes el lanzamiento del\u00a0<strong>Plan de Invierno 2025<\/strong>\u00a0en<\/p>\n\n\n\n<p><\/p>\n\n\n\n<p class=\"has-medium-font-size\"> la comuna de<strong>&nbsp;Maip\u00fa, Regi\u00f3n Metropolitana<\/strong>, acompa\u00f1ado por la ministra de&nbsp;<strong>Obras P\u00fablicas<\/strong>,<strong>&nbsp;<\/strong><\/p>\n\n\n\n<p><\/p>\n\n\n\n<p class=\"has-medium-font-size\"><strong>Jessica L\u00f3pez<\/strong>; el subsecretario del&nbsp;<strong>Interior<\/strong>,<strong>&nbsp;V\u00edctor Ramos<\/strong>; y el alcalde de la localidad,<strong>&nbsp;Tom\u00e1s <\/strong><\/p>\n\n\n\n<p><\/p>\n\n\n\n<p class=\"has-medium-font-size\"><strong>Vodanovic<\/strong>.<\/p>\n","protected":false},"excerpt":{"rendered":"<p>El\u00a0Presidente Gabriel Boric \u00a0encabez\u00f3 este martes el lanzamiento del\u00a0Plan de Invierno 2025\u00a0en la comuna de&nbsp;Maip\u00fa, Regi\u00f3n Metropolitana, acompa\u00f1ado por la ministra de&nbsp;Obras P\u00fablicas,&nbsp; Jessica L\u00f3pez; el subsecretario del&nbsp;Interior,&nbsp;V\u00edctor Ramos; y el alcalde de la localidad,&nbsp;Tom\u00e1s Vodanovic.<\/p>\n","protected":false},"author":1,"featured_media":0,"comment_status":"open","ping_status":"closed","sticky":false,"template":"","format":"standard","meta":{"footnotes":""},"categories":[1],"tags":[],"class_list":["post-769","post","type-post","status-publish","format-standard","hentry","category-sin-categoria"],"_links":{"self":[{"href":"https:\/\/radiotalcahuano.cl\/radio\/index.php\/wp-json\/wp\/v2\/posts\/769","targetHints":{"allow":["GET"]}}],"collection":[{"href":"https:\/\/radiotalcahuano.cl\/radio\/index.php\/wp-json\/wp\/v2\/posts"}],"about":[{"href":"https:\/\/radiotalcahuano.cl\/radio\/index.php\/wp-json\/wp\/v2\/types\/post"}],"author":[{"embeddable":true,"href":"https:\/\/radiotalcahuano.cl\/radio\/index.php\/wp-json\/wp\/v2\/users\/1"}],"replies":[{"embeddable":true,"href":"https:\/\/radiotalcahuano.cl\/radio\/index.php\/wp-json\/wp\/v2\/comments?post=769"}],"version-history":[{"count":4,"href":"https:\/\/radiotalcahuano.cl\/radio\/index.php\/wp-json\/wp\/v2\/posts\/769\/revisions"}],"predecessor-version":[{"id":774,"href":"https:\/\/radiotalcahuano.cl\/radio\/index.php\/wp-json\/wp\/v2\/posts\/769\/revisions\/774"}],"wp:attachment":[{"href":"https:\/\/radiotalcahuano.cl\/radio\/index.php\/wp-json\/wp\/v2\/media?parent=769"}],"wp:term":[{"taxonomy":"category","embeddable":true,"href":"https:\/\/radiotalcahuano.cl\/radio\/index.php\/wp-json\/wp\/v2\/categories?post=769"},{"taxonomy":"post_tag","embeddable":true,"href":"https:\/\/radiotalcahuano.cl\/radio\/index.php\/wp-json\/wp\/v2\/tags?post=769"}],"curies":[{"name":"wp","href":"https:\/\/api.w.org\/{rel}","templated":true}]}}